{"id":5800,"date":"2022-11-17T20:39:20","date_gmt":"2022-11-17T20:39:20","guid":{"rendered":"https:\/\/ipse.gov.co\/intranet\/?p=5800"},"modified":"2022-11-18T14:23:20","modified_gmt":"2022-11-18T14:23:20","slug":"el-ipse-hace-parte-de-los-100diasdecambio","status":"publish","type":"post","link":"https:\/\/ipse.gov.co\/intranet\/2022\/11\/17\/el-ipse-hace-parte-de-los-100diasdecambio\/","title":{"rendered":"El IPSE hace parte de los #100D\u00edasDeCambio"},"content":{"rendered":"<ul>\n<li>Iniciamos la hoja de ruta para consolidar las comunidades energ\u00e9ticas, con el fin de que la energ\u00eda consolide procesos productivos, de desarrollo econ\u00f3mico y social.<\/li>\n<li>Avanzamos en el planteamiento del plan de descarbonizaci\u00f3n de la matriz de generaci\u00f3n el\u00e9ctrica en las Zonas No Interconectadas ZNI.<\/li>\n<li>Buscamos estar m\u00e1s cerca de las comunidades. Empezamos con una feria de servicios en el departamento del Choc\u00f3.<\/li>\n<\/ul>\n<p>El IPSE tambi\u00e9n es parte activa de los #100D\u00edasDeCambio del Gobierno del presidente Gustavo Petro Urrego y la vicepresidenta Francia M\u00e1rquez, elegidos el 7 de agosto de este a\u00f1o para dirigir a Colombia.<\/p>\n<p>En estos tres meses largos de actividad, desde el IPSE se le ha puesto especial atenci\u00f3n a tres temas que son fundamentales para la entidad: la descarbonizaci\u00f3n de la matriz de generaci\u00f3n el\u00e9ctrica en las Zonas No Interconectadas ZNI, la consolidaci\u00f3n de comunidades energ\u00e9ticas y el acercamiento con los agentes y los territorios de las ZNI.<\/p>\n<p>\u201cLas comunidades energ\u00e9ticas son uno de nuestros principales objetivos. Sabemos que la llegada de la energ\u00eda a las Zonas No Interconectadas abre nuevas posibilidades en cuanto a proyectos productivos, de desarrollo econ\u00f3mico y social que estamos dispuestos a impulsar y apoyar desde el instituto\u201d, explic\u00f3 Javier Eduardo Campillo Jim\u00e9nez, director del IPSE.<\/p>\n<p>Esta iniciativa, se desarrollar\u00e1 basada en la participaci\u00f3n abierta y voluntaria de los ciudadanos de los territorios a los que se les llevan las soluciones energ\u00e9ticas y los proyectos que surjan de ese consenso ser\u00e1n llevados a la realidad por parte de las mismas comunidades, que finalmente ser\u00e1n quienes los administren.<\/p>\n<p>De otro lado, el plan de descarbonizaci\u00f3n le ha apuntado a la estructuraci\u00f3n e implementaci\u00f3n de soluciones energ\u00e9ticas amigables con el medio ambiente, dinamizando el desarrollo sostenible, mitigando el cambio clim\u00e1tico y creando oportunidades para las ZNI.<\/p>\n<p>Finalmente, en el marco de fortalecer los v\u00ednculos y relaciones con los agentes y actores de los territorios en los que habitan las familias que necesitan las soluciones energ\u00e9ticas, en noviembre realizamos \u2018IPSE conecta a Choc\u00f3\u2019, la primera feria de servicios en este departamento. El encuentro, que cont\u00f3 con la participaci\u00f3n de organismos nacionales y locales, cont\u00f3 con un espacio de networking en el que se realizaron acciones que respaldan e impulsan la energizaci\u00f3n de este departamento.<\/p>\n","protected":false},"excerpt":{"rendered":"<p>Iniciamos la hoja de ruta para consolidar las comunidades energ\u00e9ticas, con el fin de que la energ\u00eda consolide procesos productivos, de desarrollo econ\u00f3mico y social. Avanzamos en el planteamiento del plan de descarbonizaci\u00f3n de la matriz de generaci\u00f3n el\u00e9ctrica en las Zonas No Interconectadas ZNI. Buscamos estar m\u00e1s cerca de las comunidades. Empezamos con una [&hellip;]<\/p>\n","protected":false},"author":1,"featured_media":5801,"comment_status":"open","ping_status":"open","sticky":false,"template":"","format":"standard","meta":{"footnotes":""},"categories":[11,12],"tags":[],"class_list":["post-5800","post","type-post","status-publish","format-standard","has-post-thumbnail","hentry","category-noticia","category-noticias-general"],"yoast_head":"<!-- This site is optimized with the Yoast SEO Premium plugin v25.3 (Yoast SEO v25.3.1) - https:\/\/yoast.com\/wordpress\/plugins\/seo\/ -->\n<title>El IPSE hace parte de los #100D\u00edasDeCambio - IPSE-INTRANET<\/title>\n<meta name=\"robots\" content=\"index, follow, max-snippet:-1, max-image-preview:large, max-video-preview:-1\" \/>\n<link rel=\"canonical\" href=\"https:\/\/ipse.gov.co\/intranet\/2022\/11\/17\/el-ipse-hace-parte-de-los-100diasdecambio\/\" \/>\n<meta property=\"og:locale\" content=\"es_ES\" \/>\n<meta property=\"og:type\" content=\"article\" \/>\n<meta property=\"og:title\" content=\"El IPSE hace parte de los #100D\u00edasDeCambio\" \/>\n<meta property=\"og:description\" content=\"Iniciamos la hoja de ruta para consolidar las comunidades energ\u00e9ticas, con el fin de que la energ\u00eda consolide procesos productivos, de desarrollo econ\u00f3mico y social. Avanzamos en el planteamiento del plan de descarbonizaci\u00f3n de la matriz de generaci\u00f3n el\u00e9ctrica en las Zonas No Interconectadas ZNI. Buscamos estar m\u00e1s cerca de las comunidades. Empezamos con una [&hellip;]\" \/>\n<meta property=\"og:url\" content=\"https:\/\/ipse.gov.co\/intranet\/2022\/11\/17\/el-ipse-hace-parte-de-los-100diasdecambio\/\" \/>\n<meta property=\"og:site_name\" content=\"IPSE-INTRANET\" \/>\n<meta property=\"article:published_time\" content=\"2022-11-17T20:39:20+00:00\" \/>\n<meta property=\"article:modified_time\" content=\"2022-11-18T14:23:20+00:00\" \/>\n<meta property=\"og:image\" content=\"https:\/\/ipse.gov.co\/intranet\/wp-content\/uploads\/sites\/4\/2022\/11\/WhatsApp-Image-2022-11-15-at-11.38.18-AM-1.jpeg\" \/>\n\t<meta property=\"og:image:width\" content=\"887\" \/>\n\t<meta property=\"og:image:height\" content=\"669\" \/>\n\t<meta property=\"og:image:type\" content=\"image\/jpeg\" \/>\n<meta name=\"author\" content=\"admin\" \/>\n<meta name=\"twitter:card\" content=\"summary_large_image\" \/>\n<meta name=\"twitter:label1\" content=\"Escrito por\" \/>\n\t<meta name=\"twitter:data1\" content=\"admin\" \/>\n\t<meta name=\"twitter:label2\" content=\"Tiempo de lectura\" \/>\n\t<meta name=\"twitter:data2\" content=\"2 minutos\" \/>\n<script type=\"application\/ld+json\" class=\"yoast-schema-graph\">{\"@context\":\"https:\/\/schema.org\",\"@graph\":[{\"@type\":\"WebPage\",\"@id\":\"https:\/\/ipse.gov.co\/intranet\/2022\/11\/17\/el-ipse-hace-parte-de-los-100diasdecambio\/\",\"url\":\"https:\/\/ipse.gov.co\/intranet\/2022\/11\/17\/el-ipse-hace-parte-de-los-100diasdecambio\/\",\"name\":\"El IPSE hace parte de los #100D\u00edasDeCambio - IPSE-INTRANET\",\"isPartOf\":{\"@id\":\"https:\/\/ipse.gov.co\/intranet\/#website\"},\"primaryImageOfPage\":{\"@id\":\"https:\/\/ipse.gov.co\/intranet\/2022\/11\/17\/el-ipse-hace-parte-de-los-100diasdecambio\/#primaryimage\"},\"image\":{\"@id\":\"https:\/\/ipse.gov.co\/intranet\/2022\/11\/17\/el-ipse-hace-parte-de-los-100diasdecambio\/#primaryimage\"},\"thumbnailUrl\":\"https:\/\/ipse.gov.co\/intranet\/wp-content\/uploads\/sites\/4\/2022\/11\/WhatsApp-Image-2022-11-15-at-11.38.18-AM-1.jpeg\",\"datePublished\":\"2022-11-17T20:39:20+00:00\",\"dateModified\":\"2022-11-18T14:23:20+00:00\",\"author\":{\"@id\":\"https:\/\/ipse.gov.co\/intranet\/#\/schema\/person\/445cc538cfa4ede50e3d9a85c69064f9\"},\"breadcrumb\":{\"@id\":\"https:\/\/ipse.gov.co\/intranet\/2022\/11\/17\/el-ipse-hace-parte-de-los-100diasdecambio\/#breadcrumb\"},\"inLanguage\":\"es\",\"potentialAction\":[{\"@type\":\"ReadAction\",\"target\":[\"https:\/\/ipse.gov.co\/intranet\/2022\/11\/17\/el-ipse-hace-parte-de-los-100diasdecambio\/\"]}]},{\"@type\":\"ImageObject\",\"inLanguage\":\"es\",\"@id\":\"https:\/\/ipse.gov.co\/intranet\/2022\/11\/17\/el-ipse-hace-parte-de-los-100diasdecambio\/#primaryimage\",\"url\":\"https:\/\/ipse.gov.co\/intranet\/wp-content\/uploads\/sites\/4\/2022\/11\/WhatsApp-Image-2022-11-15-at-11.38.18-AM-1.jpeg\",\"contentUrl\":\"https:\/\/ipse.gov.co\/intranet\/wp-content\/uploads\/sites\/4\/2022\/11\/WhatsApp-Image-2022-11-15-at-11.38.18-AM-1.jpeg\",\"width\":887,\"height\":669},{\"@type\":\"BreadcrumbList\",\"@id\":\"https:\/\/ipse.gov.co\/intranet\/2022\/11\/17\/el-ipse-hace-parte-de-los-100diasdecambio\/#breadcrumb\",\"itemListElement\":[{\"@type\":\"ListItem\",\"position\":1,\"name\":\"Portada\",\"item\":\"https:\/\/ipse.gov.co\/intranet\/\"},{\"@type\":\"ListItem\",\"position\":2,\"name\":\"El IPSE hace parte de los #100D\u00edasDeCambio\"}]},{\"@type\":\"WebSite\",\"@id\":\"https:\/\/ipse.gov.co\/intranet\/#website\",\"url\":\"https:\/\/ipse.gov.co\/intranet\/\",\"name\":\"IPSE-INTRANET\",\"description\":\"Transformamos Territorios\",\"potentialAction\":[{\"@type\":\"SearchAction\",\"target\":{\"@type\":\"EntryPoint\",\"urlTemplate\":\"https:\/\/ipse.gov.co\/intranet\/?s={search_term_string}\"},\"query-input\":{\"@type\":\"PropertyValueSpecification\",\"valueRequired\":true,\"valueName\":\"search_term_string\"}}],\"inLanguage\":\"es\"},{\"@type\":\"Person\",\"@id\":\"https:\/\/ipse.gov.co\/intranet\/#\/schema\/person\/445cc538cfa4ede50e3d9a85c69064f9\",\"name\":\"admin\",\"image\":{\"@type\":\"ImageObject\",\"inLanguage\":\"es\",\"@id\":\"https:\/\/ipse.gov.co\/intranet\/#\/schema\/person\/image\/\",\"url\":\"https:\/\/secure.gravatar.com\/avatar\/5805ae0098f60a337ba72d58f1f9aec7?s=96&d=mm&r=g\",\"contentUrl\":\"https:\/\/secure.gravatar.com\/avatar\/5805ae0098f60a337ba72d58f1f9aec7?s=96&d=mm&r=g\",\"caption\":\"admin\"},\"sameAs\":[\"https:\/\/portal.ipse.gov.co\"],\"url\":\"https:\/\/ipse.gov.co\/intranet\/author\/admin\/\"}]}<\/script>\n<!-- \/ Yoast SEO Premium plugin. -->","yoast_head_json":{"title":"El IPSE hace parte de los #100D\u00edasDeCambio - IPSE-INTRANET","robots":{"index":"index","follow":"follow","max-snippet":"max-snippet:-1","max-image-preview":"max-image-preview:large","max-video-preview":"max-video-preview:-1"},"canonical":"https:\/\/ipse.gov.co\/intranet\/2022\/11\/17\/el-ipse-hace-parte-de-los-100diasdecambio\/","og_locale":"es_ES","og_type":"article","og_title":"El IPSE hace parte de los #100D\u00edasDeCambio","og_description":"Iniciamos la hoja de ruta para consolidar las comunidades energ\u00e9ticas, con el fin de que la energ\u00eda consolide procesos productivos, de desarrollo econ\u00f3mico y social. Avanzamos en el planteamiento del plan de descarbonizaci\u00f3n de la matriz de generaci\u00f3n el\u00e9ctrica en las Zonas No Interconectadas ZNI. Buscamos estar m\u00e1s cerca de las comunidades. Empezamos con una [&hellip;]","og_url":"https:\/\/ipse.gov.co\/intranet\/2022\/11\/17\/el-ipse-hace-parte-de-los-100diasdecambio\/","og_site_name":"IPSE-INTRANET","article_published_time":"2022-11-17T20:39:20+00:00","article_modified_time":"2022-11-18T14:23:20+00:00","og_image":[{"width":887,"height":669,"url":"https:\/\/ipse.gov.co\/intranet\/wp-content\/uploads\/sites\/4\/2022\/11\/WhatsApp-Image-2022-11-15-at-11.38.18-AM-1.jpeg","type":"image\/jpeg"}],"author":"admin","twitter_card":"summary_large_image","twitter_misc":{"Escrito por":"admin","Tiempo de lectura":"2 minutos"},"schema":{"@context":"https:\/\/schema.org","@graph":[{"@type":"WebPage","@id":"https:\/\/ipse.gov.co\/intranet\/2022\/11\/17\/el-ipse-hace-parte-de-los-100diasdecambio\/","url":"https:\/\/ipse.gov.co\/intranet\/2022\/11\/17\/el-ipse-hace-parte-de-los-100diasdecambio\/","name":"El IPSE hace parte de los #100D\u00edasDeCambio - IPSE-INTRANET","isPartOf":{"@id":"https:\/\/ipse.gov.co\/intranet\/#website"},"primaryImageOfPage":{"@id":"https:\/\/ipse.gov.co\/intranet\/2022\/11\/17\/el-ipse-hace-parte-de-los-100diasdecambio\/#primaryimage"},"image":{"@id":"https:\/\/ipse.gov.co\/intranet\/2022\/11\/17\/el-ipse-hace-parte-de-los-100diasdecambio\/#primaryimage"},"thumbnailUrl":"https:\/\/ipse.gov.co\/intranet\/wp-content\/uploads\/sites\/4\/2022\/11\/WhatsApp-Image-2022-11-15-at-11.38.18-AM-1.jpeg","datePublished":"2022-11-17T20:39:20+00:00","dateModified":"2022-11-18T14:23:20+00:00","author":{"@id":"https:\/\/ipse.gov.co\/intranet\/#\/schema\/person\/445cc538cfa4ede50e3d9a85c69064f9"},"breadcrumb":{"@id":"https:\/\/ipse.gov.co\/intranet\/2022\/11\/17\/el-ipse-hace-parte-de-los-100diasdecambio\/#breadcrumb"},"inLanguage":"es","potentialAction":[{"@type":"ReadAction","target":["https:\/\/ipse.gov.co\/intranet\/2022\/11\/17\/el-ipse-hace-parte-de-los-100diasdecambio\/"]}]},{"@type":"ImageObject","inLanguage":"es","@id":"https:\/\/ipse.gov.co\/intranet\/2022\/11\/17\/el-ipse-hace-parte-de-los-100diasdecambio\/#primaryimage","url":"https:\/\/ipse.gov.co\/intranet\/wp-content\/uploads\/sites\/4\/2022\/11\/WhatsApp-Image-2022-11-15-at-11.38.18-AM-1.jpeg","contentUrl":"https:\/\/ipse.gov.co\/intranet\/wp-content\/uploads\/sites\/4\/2022\/11\/WhatsApp-Image-2022-11-15-at-11.38.18-AM-1.jpeg","width":887,"height":669},{"@type":"BreadcrumbList","@id":"https:\/\/ipse.gov.co\/intranet\/2022\/11\/17\/el-ipse-hace-parte-de-los-100diasdecambio\/#breadcrumb","itemListElement":[{"@type":"ListItem","position":1,"name":"Portada","item":"https:\/\/ipse.gov.co\/intranet\/"},{"@type":"ListItem","position":2,"name":"El IPSE hace parte de los #100D\u00edasDeCambio"}]},{"@type":"WebSite","@id":"https:\/\/ipse.gov.co\/intranet\/#website","url":"https:\/\/ipse.gov.co\/intranet\/","name":"IPSE-INTRANET","description":"Transformamos Territorios","potentialAction":[{"@type":"SearchAction","target":{"@type":"EntryPoint","urlTemplate":"https:\/\/ipse.gov.co\/intranet\/?s={search_term_string}"},"query-input":{"@type":"PropertyValueSpecification","valueRequired":true,"valueName":"search_term_string"}}],"inLanguage":"es"},{"@type":"Person","@id":"https:\/\/ipse.gov.co\/intranet\/#\/schema\/person\/445cc538cfa4ede50e3d9a85c69064f9","name":"admin","image":{"@type":"ImageObject","inLanguage":"es","@id":"https:\/\/ipse.gov.co\/intranet\/#\/schema\/person\/image\/","url":"https:\/\/secure.gravatar.com\/avatar\/5805ae0098f60a337ba72d58f1f9aec7?s=96&d=mm&r=g","contentUrl":"https:\/\/secure.gravatar.com\/avatar\/5805ae0098f60a337ba72d58f1f9aec7?s=96&d=mm&r=g","caption":"admin"},"sameAs":["https:\/\/portal.ipse.gov.co"],"url":"https:\/\/ipse.gov.co\/intranet\/author\/admin\/"}]}},"_links":{"self":[{"href":"https:\/\/ipse.gov.co\/intranet\/wp-json\/wp\/v2\/posts\/5800"}],"collection":[{"href":"https:\/\/ipse.gov.co\/intranet\/wp-json\/wp\/v2\/posts"}],"about":[{"href":"https:\/\/ipse.gov.co\/intranet\/wp-json\/wp\/v2\/types\/post"}],"author":[{"embeddable":true,"href":"https:\/\/ipse.gov.co\/intranet\/wp-json\/wp\/v2\/users\/1"}],"replies":[{"embeddable":true,"href":"https:\/\/ipse.gov.co\/intranet\/wp-json\/wp\/v2\/comments?post=5800"}],"version-history":[{"count":0,"href":"https:\/\/ipse.gov.co\/intranet\/wp-json\/wp\/v2\/posts\/5800\/revisions"}],"wp:featuredmedia":[{"embeddable":true,"href":"https:\/\/ipse.gov.co\/intranet\/wp-json\/wp\/v2\/media\/5801"}],"wp:attachment":[{"href":"https:\/\/ipse.gov.co\/intranet\/wp-json\/wp\/v2\/media?parent=5800"}],"wp:term":[{"taxonomy":"category","embeddable":true,"href":"https:\/\/ipse.gov.co\/intranet\/wp-json\/wp\/v2\/categories?post=5800"},{"taxonomy":"post_tag","embeddable":true,"href":"https:\/\/ipse.gov.co\/intranet\/wp-json\/wp\/v2\/tags?post=5800"}],"curies":[{"name":"wp","href":"https:\/\/api.w.org\/{rel}","templated":true}]}}